{"id":1876,"date":"2017-07-11T07:27:38","date_gmt":"2017-07-11T05:27:38","guid":{"rendered":"https:\/\/ramonsantafe.es\/tax-services\/"},"modified":"2025-03-25T09:20:19","modified_gmt":"2025-03-25T08:20:19","slug":"tax-services","status":"publish","type":"post","link":"https:\/\/ramonsantafe.es\/en\/tax-services\/","title":{"rendered":"Tax services"},"content":{"rendered":"\t\t<div data-elementor-type=\"wp-post\" data-elementor-id=\"1876\" class=\"elementor elementor-1876 elementor-114\">\n\t\t\t\t\t\t<div class=\"elementor-inner\">\n\t\t\t\t<div class=\"elementor-section-wrap\">\n\t\t\t\t\t\t\t\t\t<section class=\"elementor-section elementor-top-section elementor-element elementor-element-9f8cd02 elementor-section-boxed elementor-section-height-default elementor-section-height-default\" data-id=\"9f8cd02\" data-element_type=\"section\">\n\t\t\t\t\t\t<div class=\"elementor-container elementor-column-gap-default\">\n\t\t\t\t\t\t\t<div class=\"elementor-row\">\n\t\t\t\t\t<div class=\"elementor-column elementor-col-100 elementor-top-column elementor-element elementor-element-59e3df0\" data-id=\"59e3df0\" data-element_type=\"column\">\n\t\t\t<div class=\"elementor-column-wrap elementor-element-populated\">\n\t\t\t\t\t\t\t<div class=\"elementor-widget-wrap\">\n\t\t\t\t\t\t<section class=\"elementor-section elementor-inner-section elementor-element elementor-element-935a0eb elementor-section-boxed elementor-section-height-default elementor-section-height-default\" data-id=\"935a0eb\" data-element_type=\"section\">\n\t\t\t\t\t\t<div class=\"elementor-container elementor-column-gap-default\">\n\t\t\t\t\t\t\t<div class=\"elementor-row\">\n\t\t\t\t\t<div class=\"elementor-column elementor-col-33 elementor-inner-column elementor-element elementor-element-dc96934\" data-id=\"dc96934\" data-element_type=\"column\">\n\t\t\t<div class=\"elementor-column-wrap elementor-element-populated\">\n\t\t\t\t\t\t\t<div class=\"elementor-widget-wrap\">\n\t\t\t\t\t\t<div class=\"elementor-element elementor-element-e1f2e83 elementor-widget elementor-widget-image\" data-id=\"e1f2e83\" data-element_type=\"widget\" data-widget_type=\"image.default\">\n\t\t\t\t<div class=\"elementor-widget-container\">\n\t\t\t\t\t\t\t\t<div class=\"elementor-image\">\n\t\t\t\t\t\t\t\t\t\t\t\t<img decoding=\"async\" width=\"430\" height=\"565\" src=\"https:\/\/ramonsantafe.es\/wp-content\/uploads\/2019\/01\/podatki.jpg\" class=\"attachment-large size-large wp-image-1266\" alt=\"\" loading=\"lazy\" srcset=\"https:\/\/ramonsantafe.es\/wp-content\/uploads\/2019\/01\/podatki.jpg 430w, https:\/\/ramonsantafe.es\/wp-content\/uploads\/2019\/01\/podatki-228x300.jpg 228w, https:\/\/ramonsantafe.es\/wp-content\/uploads\/2019\/01\/podatki-18x24.jpg 18w, https:\/\/ramonsantafe.es\/wp-content\/uploads\/2019\/01\/podatki-27x36.jpg 27w, https:\/\/ramonsantafe.es\/wp-content\/uploads\/2019\/01\/podatki-37x48.jpg 37w\" sizes=\"(max-width: 430px) 100vw, 430px\" \/>\t\t\t\t\t\t\t\t\t\t\t\t\t\t<\/div>\n\t\t\t\t\t\t<\/div>\n\t\t\t\t<\/div>\n\t\t\t\t\t\t<\/div>\n\t\t\t\t\t<\/div>\n\t\t<\/div>\n\t\t\t\t<div class=\"elementor-column elementor-col-66 elementor-inner-column elementor-element elementor-element-1942ef3\" data-id=\"1942ef3\" data-element_type=\"column\">\n\t\t\t<div class=\"elementor-column-wrap elementor-element-populated\">\n\t\t\t\t\t\t\t<div class=\"elementor-widget-wrap\">\n\t\t\t\t\t\t<div class=\"elementor-element elementor-element-474a025 elementor-widget elementor-widget-text-editor\" data-id=\"474a025\" data-element_type=\"widget\" data-widget_type=\"text-editor.default\">\n\t\t\t\t<div class=\"elementor-widget-container\">\n\t\t\t\t\t\t\t\t<div class=\"elementor-text-editor elementor-clearfix\">\n\t\t\t\t<p>We can calculate and file your company\u2019s taxes clearly and transparently, without any language barriers, as we have English-speaking staff. Filing VAT returns for online sales, opening a branch or subsidiary of a foreign company in Spain, paying non-resident taxes, and handling private liabilities are all crucial matters. Failing to comply can lead to unpleasant situations with Spanish authorities and financial penalties.<\/p><p>We conduct an in-depth analysis of your company based on current tax regulations and provide expert advice on the most efficient tax structure, whether you are starting a business or already operating.<\/p><p align=\"justify\">\u00a0<\/p><p>Contact us to discuss your tax obligations and plan your business operations in Spain in advance.<\/p>\t\t\t\t\t<\/div>\n\t\t\t\t\t\t<\/div>\n\t\t\t\t<\/div>\n\t\t\t\t<div class=\"elementor-element elementor-element-88d65a4 elementor-widget elementor-widget-toggle\" data-id=\"88d65a4\" data-element_type=\"widget\" data-widget_type=\"toggle.default\">\n\t\t\t\t<div class=\"elementor-widget-container\">\n\t\t\t\t\t<div class=\"elementor-toggle\" role=\"tablist\">\n\t\t\t\t\t\t\t<div class=\"elementor-toggle-item\">\n\t\t\t\t\t<div id=\"elementor-tab-title-1431\" class=\"elementor-tab-title\" data-tab=\"1\" role=\"tab\" aria-controls=\"elementor-tab-content-1431\" aria-expanded=\"false\">\n\t\t\t\t\t\t\t\t\t\t\t\t<span class=\"elementor-toggle-icon elementor-toggle-icon-left\" aria-hidden=\"true\">\n\t\t\t\t\t\t\t\t\t\t\t\t\t\t\t<span class=\"elementor-toggle-icon-closed\"><i class=\"fas fa-plus\"><\/i><\/span>\n\t\t\t\t\t\t\t\t<span class=\"elementor-toggle-icon-opened\"><i class=\"elementor-toggle-icon-opened fas fa-minus\"><\/i><\/span>\n\t\t\t\t\t\t\t\t\t\t\t\t\t<\/span>\n\t\t\t\t\t\t\t\t\t\t\t\t<a href=\"\" class=\"elementor-toggle-title\">Tax Services<\/a>\n\t\t\t\t\t<\/div>\n\n\t\t\t\t\t<div id=\"elementor-tab-content-1431\" class=\"elementor-tab-content elementor-clearfix\" data-tab=\"1\" role=\"tabpanel\" aria-labelledby=\"elementor-tab-title-1431\"><ul><li style=\"list-style-type: none;\"><ul><li><p>General tax consulting services and guidance for entrepreneurs.<\/p><\/li><li><p><strong>Taxpayer Calendar<\/strong> \u2013 Annual tax obligation planning.<\/p><\/li><li><p>Information on tax exemptions or reductions and legal tax optimization.<\/p><\/li><li><p>Guidance on penalties, complaints, and other tax-related issues.<\/p><\/li><li><p>Tax planning, analysis, and evaluation. Preparation of reports and explanations on tax regulations.<\/p><\/li><li><p>Advisory services for procedures with the Spanish Tax Agency.<\/p><\/li><li><p>Support in procedures related to tax inspections, including document preparation.<\/p><\/li><li><p>Business activity registration, modifications to registry files, and business activity deregistration with the Tax Agency.<\/p><\/li><li><p>Preparation of binding tax ruling requests.<\/p><\/li><li><p>Reception of electronic notifications from the Tax Agency and preparation of explanatory letters to tax authorities on current commercial operation matters.<\/p><\/li><li><p>Representation before tax authorities on behalf of the client.<\/p><\/li><\/ul><\/li><\/ul><\/div>\n\t\t\t\t<\/div>\n\t\t\t\t\t\t\t<div class=\"elementor-toggle-item\">\n\t\t\t\t\t<div id=\"elementor-tab-title-1432\" class=\"elementor-tab-title\" data-tab=\"2\" role=\"tab\" aria-controls=\"elementor-tab-content-1432\" aria-expanded=\"false\">\n\t\t\t\t\t\t\t\t\t\t\t\t<span class=\"elementor-toggle-icon elementor-toggle-icon-left\" aria-hidden=\"true\">\n\t\t\t\t\t\t\t\t\t\t\t\t\t\t\t<span class=\"elementor-toggle-icon-closed\"><i class=\"fas fa-plus\"><\/i><\/span>\n\t\t\t\t\t\t\t\t<span class=\"elementor-toggle-icon-opened\"><i class=\"elementor-toggle-icon-opened fas fa-minus\"><\/i><\/span>\n\t\t\t\t\t\t\t\t\t\t\t\t\t<\/span>\n\t\t\t\t\t\t\t\t\t\t\t\t<a href=\"\" class=\"elementor-toggle-title\">Prepare and provide the company's tax settlements.<\/a>\n\t\t\t\t\t<\/div>\n\n\t\t\t\t\t<div id=\"elementor-tab-content-1432\" class=\"elementor-tab-content elementor-clearfix\" data-tab=\"2\" role=\"tabpanel\" aria-labelledby=\"elementor-tab-title-1432\"><ul><li><p>Preparation and filing of tax returns, depending on the specific case:<\/p><ul><li><p><strong>Quarterly tax returns<\/strong>: Forms 111, 115, 303, 349.<\/p><\/li><li><p><strong>Annual tax returns<\/strong>: Forms 180, 190, 347, 390.<\/p><\/li><li><p><strong>Corporate Tax (Impuesto sobre Sociedades)<\/strong>: Form 200 (for commercial companies only).<\/p><\/li><li><p><strong>Corporate Tax, installment payment requests<\/strong>: Form 202 (for commercial companies only).<\/p><\/li><\/ul><\/li><\/ul><\/div>\n\t\t\t\t<\/div>\n\t\t\t\t\t\t\t\t<\/div>\n\t\t\t\t<\/div>\n\t\t\t\t<\/div>\n\t\t\t\t<div class=\"elementor-element elementor-element-95a1331 elementor-widget elementor-widget-html\" data-id=\"95a1331\" data-element_type=\"widget\" data-widget_type=\"html.default\">\n\t\t\t\t<div class=\"elementor-widget-container\">\n\t\t\t<script> \njQuery(document).ready(function($) { \nvar delay = 100; setTimeout(function() { \n$('.elementor-tab-title[data-tab=\"1\"]').addClass('elementor-active');\n $('.elementor-tab-content[data-tab=\"1\"]').css('display', 'block'); }, delay); \n}); \n<\/script>\t\t<\/div>\n\t\t\t\t<\/div>\n\t\t\t\t\t\t<\/div>\n\t\t\t\t\t<\/div>\n\t\t<\/div>\n\t\t\t\t\t\t\t\t<\/div>\n\t\t\t\t\t<\/div>\n\t\t<\/section>\n\t\t\t\t\t\t<\/div>\n\t\t\t\t\t<\/div>\n\t\t<\/div>\n\t\t\t\t\t\t\t\t<\/div>\n\t\t\t\t\t<\/div>\n\t\t<\/section>\n\t\t\t\t\t\t\t\t\t<\/div>\n\t\t\t<\/div>\n\t\t\t\t\t<\/div>\n\t\t","protected":false},"excerpt":{"rendered":"<p>We offer full and comprehensive tax services for companies and individuals operating in Spain\u2026.<\/p>\n","protected":false},"author":5,"featured_media":1784,"comment_status":"closed","ping_status":"closed","sticky":false,"template":"","format":"standard","meta":[],"categories":[20],"tags":[],"yoast_head":"<!-- This site is optimized with the Yoast SEO plugin v20.5 - https:\/\/yoast.com\/wordpress\/plugins\/seo\/ -->\n<title>Tax services - Gestor\u00eda Ram\u00f3n Santaf\u00e9 S.L.<\/title>\n<meta name=\"robots\" content=\"index, follow, max-snippet:-1, max-image-preview:large, max-video-preview:-1\" \/>\n<link rel=\"canonical\" href=\"https:\/\/ramonsantafe.es\/en\/tax-services\/\" \/>\n<meta property=\"og:locale\" content=\"en_US\" \/>\n<meta property=\"og:type\" content=\"article\" \/>\n<meta property=\"og:title\" content=\"Tax services - Gestor\u00eda Ram\u00f3n Santaf\u00e9 S.L.\" \/>\n<meta property=\"og:description\" content=\"We offer full and comprehensive tax services for companies and individuals operating in Spain\u2026.\" \/>\n<meta property=\"og:url\" content=\"https:\/\/ramonsantafe.es\/en\/tax-services\/\" \/>\n<meta property=\"og:site_name\" content=\"Gestor\u00eda Ram\u00f3n Santaf\u00e9 S.L.\" \/>\n<meta property=\"article:published_time\" content=\"2017-07-11T05:27:38+00:00\" \/>\n<meta property=\"article:modified_time\" content=\"2025-03-25T08:20:19+00:00\" \/>\n<meta property=\"og:image\" content=\"https:\/\/ramonsantafe.es\/wp-content\/uploads\/2017\/06\/slide1.jpg\" \/>\n\t<meta property=\"og:image:width\" content=\"1920\" \/>\n\t<meta property=\"og:image:height\" content=\"800\" \/>\n\t<meta property=\"og:image:type\" content=\"image\/jpeg\" \/>\n<meta name=\"author\" content=\"gestoria24\" \/>\n<meta name=\"twitter:card\" content=\"summary_large_image\" \/>\n<meta name=\"twitter:label1\" content=\"Written by\" \/>\n\t<meta name=\"twitter:data1\" content=\"gestoria24\" \/>\n\t<meta name=\"twitter:label2\" content=\"Est. reading time\" \/>\n\t<meta name=\"twitter:data2\" content=\"2 minutes\" \/>\n<script type=\"application\/ld+json\" class=\"yoast-schema-graph\">{\"@context\":\"https:\/\/schema.org\",\"@graph\":[{\"@type\":\"Article\",\"@id\":\"https:\/\/ramonsantafe.es\/en\/tax-services\/#article\",\"isPartOf\":{\"@id\":\"https:\/\/ramonsantafe.es\/en\/tax-services\/\"},\"author\":{\"name\":\"gestoria24\",\"@id\":\"https:\/\/ramonsantafe.es\/#\/schema\/person\/919f7dcfe4c4e9eca6a0093b9ab4a5df\"},\"headline\":\"Tax services\",\"datePublished\":\"2017-07-11T05:27:38+00:00\",\"dateModified\":\"2025-03-25T08:20:19+00:00\",\"mainEntityOfPage\":{\"@id\":\"https:\/\/ramonsantafe.es\/en\/tax-services\/\"},\"wordCount\":277,\"publisher\":{\"@id\":\"https:\/\/ramonsantafe.es\/#organization\"},\"articleSection\":[\"Feature layout two\"],\"inLanguage\":\"en-US\"},{\"@type\":\"WebPage\",\"@id\":\"https:\/\/ramonsantafe.es\/en\/tax-services\/\",\"url\":\"https:\/\/ramonsantafe.es\/en\/tax-services\/\",\"name\":\"Tax services - Gestor\u00eda Ram\u00f3n Santaf\u00e9 S.L.\",\"isPartOf\":{\"@id\":\"https:\/\/ramonsantafe.es\/#website\"},\"datePublished\":\"2017-07-11T05:27:38+00:00\",\"dateModified\":\"2025-03-25T08:20:19+00:00\",\"breadcrumb\":{\"@id\":\"https:\/\/ramonsantafe.es\/en\/tax-services\/#breadcrumb\"},\"inLanguage\":\"en-US\",\"potentialAction\":[{\"@type\":\"ReadAction\",\"target\":[\"https:\/\/ramonsantafe.es\/en\/tax-services\/\"]}]},{\"@type\":\"BreadcrumbList\",\"@id\":\"https:\/\/ramonsantafe.es\/en\/tax-services\/#breadcrumb\",\"itemListElement\":[{\"@type\":\"ListItem\",\"position\":1,\"name\":\"Home\",\"item\":\"https:\/\/ramonsantafe.es\/en\/\"},{\"@type\":\"ListItem\",\"position\":2,\"name\":\"Tax services\"}]},{\"@type\":\"WebSite\",\"@id\":\"https:\/\/ramonsantafe.es\/#website\",\"url\":\"https:\/\/ramonsantafe.es\/\",\"name\":\"Gestor\u00eda Ram\u00f3n Santaf\u00e9 S.L.\",\"description\":\"Gestor\u00eda Ram\u00f3n Santaf\u00e9 S.L.\",\"publisher\":{\"@id\":\"https:\/\/ramonsantafe.es\/#organization\"},\"potentialAction\":[{\"@type\":\"SearchAction\",\"target\":{\"@type\":\"EntryPoint\",\"urlTemplate\":\"https:\/\/ramonsantafe.es\/?s={search_term_string}\"},\"query-input\":\"required name=search_term_string\"}],\"inLanguage\":\"en-US\"},{\"@type\":\"Organization\",\"@id\":\"https:\/\/ramonsantafe.es\/#organization\",\"name\":\"Gestor\u00eda Ram\u00f3n Santaf\u00e9 S.L.\",\"url\":\"https:\/\/ramonsantafe.es\/\",\"logo\":{\"@type\":\"ImageObject\",\"inLanguage\":\"en-US\",\"@id\":\"https:\/\/ramonsantafe.es\/#\/schema\/logo\/image\/\",\"url\":\"https:\/\/ramonsantafe.es\/wp-content\/uploads\/2024\/12\/cropped-cropped-Gestoria-Ramon-Santafe-WEB-2.png\",\"contentUrl\":\"https:\/\/ramonsantafe.es\/wp-content\/uploads\/2024\/12\/cropped-cropped-Gestoria-Ramon-Santafe-WEB-2.png\",\"width\":1355,\"height\":733,\"caption\":\"Gestor\u00eda Ram\u00f3n Santaf\u00e9 S.L.\"},\"image\":{\"@id\":\"https:\/\/ramonsantafe.es\/#\/schema\/logo\/image\/\"}},{\"@type\":\"Person\",\"@id\":\"https:\/\/ramonsantafe.es\/#\/schema\/person\/919f7dcfe4c4e9eca6a0093b9ab4a5df\",\"name\":\"gestoria24\",\"image\":{\"@type\":\"ImageObject\",\"inLanguage\":\"en-US\",\"@id\":\"https:\/\/ramonsantafe.es\/#\/schema\/person\/image\/\",\"url\":\"https:\/\/secure.gravatar.com\/avatar\/85f325b078a6fa5e14cb3e955634c34c?s=96&d=mm&r=g\",\"contentUrl\":\"https:\/\/secure.gravatar.com\/avatar\/85f325b078a6fa5e14cb3e955634c34c?s=96&d=mm&r=g\",\"caption\":\"gestoria24\"},\"url\":\"https:\/\/ramonsantafe.es\/en\/author\/gestoria24\/\"}]}<\/script>\n<!-- \/ Yoast SEO plugin. -->","yoast_head_json":{"title":"Tax services - Gestor\u00eda Ram\u00f3n Santaf\u00e9 S.L.","robots":{"index":"index","follow":"follow","max-snippet":"max-snippet:-1","max-image-preview":"max-image-preview:large","max-video-preview":"max-video-preview:-1"},"canonical":"https:\/\/ramonsantafe.es\/en\/tax-services\/","og_locale":"en_US","og_type":"article","og_title":"Tax services - Gestor\u00eda Ram\u00f3n Santaf\u00e9 S.L.","og_description":"We offer full and comprehensive tax services for companies and individuals operating in Spain\u2026.","og_url":"https:\/\/ramonsantafe.es\/en\/tax-services\/","og_site_name":"Gestor\u00eda Ram\u00f3n Santaf\u00e9 S.L.","article_published_time":"2017-07-11T05:27:38+00:00","article_modified_time":"2025-03-25T08:20:19+00:00","og_image":[{"width":1920,"height":800,"url":"https:\/\/ramonsantafe.es\/wp-content\/uploads\/2017\/06\/slide1.jpg","type":"image\/jpeg"}],"author":"gestoria24","twitter_card":"summary_large_image","twitter_misc":{"Written by":"gestoria24","Est. reading time":"2 minutes"},"schema":{"@context":"https:\/\/schema.org","@graph":[{"@type":"Article","@id":"https:\/\/ramonsantafe.es\/en\/tax-services\/#article","isPartOf":{"@id":"https:\/\/ramonsantafe.es\/en\/tax-services\/"},"author":{"name":"gestoria24","@id":"https:\/\/ramonsantafe.es\/#\/schema\/person\/919f7dcfe4c4e9eca6a0093b9ab4a5df"},"headline":"Tax services","datePublished":"2017-07-11T05:27:38+00:00","dateModified":"2025-03-25T08:20:19+00:00","mainEntityOfPage":{"@id":"https:\/\/ramonsantafe.es\/en\/tax-services\/"},"wordCount":277,"publisher":{"@id":"https:\/\/ramonsantafe.es\/#organization"},"articleSection":["Feature layout two"],"inLanguage":"en-US"},{"@type":"WebPage","@id":"https:\/\/ramonsantafe.es\/en\/tax-services\/","url":"https:\/\/ramonsantafe.es\/en\/tax-services\/","name":"Tax services - Gestor\u00eda Ram\u00f3n Santaf\u00e9 S.L.","isPartOf":{"@id":"https:\/\/ramonsantafe.es\/#website"},"datePublished":"2017-07-11T05:27:38+00:00","dateModified":"2025-03-25T08:20:19+00:00","breadcrumb":{"@id":"https:\/\/ramonsantafe.es\/en\/tax-services\/#breadcrumb"},"inLanguage":"en-US","potentialAction":[{"@type":"ReadAction","target":["https:\/\/ramonsantafe.es\/en\/tax-services\/"]}]},{"@type":"BreadcrumbList","@id":"https:\/\/ramonsantafe.es\/en\/tax-services\/#breadcrumb","itemListElement":[{"@type":"ListItem","position":1,"name":"Home","item":"https:\/\/ramonsantafe.es\/en\/"},{"@type":"ListItem","position":2,"name":"Tax services"}]},{"@type":"WebSite","@id":"https:\/\/ramonsantafe.es\/#website","url":"https:\/\/ramonsantafe.es\/","name":"Gestor\u00eda Ram\u00f3n Santaf\u00e9 S.L.","description":"Gestor\u00eda Ram\u00f3n Santaf\u00e9 S.L.","publisher":{"@id":"https:\/\/ramonsantafe.es\/#organization"},"potentialAction":[{"@type":"SearchAction","target":{"@type":"EntryPoint","urlTemplate":"https:\/\/ramonsantafe.es\/?s={search_term_string}"},"query-input":"required name=search_term_string"}],"inLanguage":"en-US"},{"@type":"Organization","@id":"https:\/\/ramonsantafe.es\/#organization","name":"Gestor\u00eda Ram\u00f3n Santaf\u00e9 S.L.","url":"https:\/\/ramonsantafe.es\/","logo":{"@type":"ImageObject","inLanguage":"en-US","@id":"https:\/\/ramonsantafe.es\/#\/schema\/logo\/image\/","url":"https:\/\/ramonsantafe.es\/wp-content\/uploads\/2024\/12\/cropped-cropped-Gestoria-Ramon-Santafe-WEB-2.png","contentUrl":"https:\/\/ramonsantafe.es\/wp-content\/uploads\/2024\/12\/cropped-cropped-Gestoria-Ramon-Santafe-WEB-2.png","width":1355,"height":733,"caption":"Gestor\u00eda Ram\u00f3n Santaf\u00e9 S.L."},"image":{"@id":"https:\/\/ramonsantafe.es\/#\/schema\/logo\/image\/"}},{"@type":"Person","@id":"https:\/\/ramonsantafe.es\/#\/schema\/person\/919f7dcfe4c4e9eca6a0093b9ab4a5df","name":"gestoria24","image":{"@type":"ImageObject","inLanguage":"en-US","@id":"https:\/\/ramonsantafe.es\/#\/schema\/person\/image\/","url":"https:\/\/secure.gravatar.com\/avatar\/85f325b078a6fa5e14cb3e955634c34c?s=96&d=mm&r=g","contentUrl":"https:\/\/secure.gravatar.com\/avatar\/85f325b078a6fa5e14cb3e955634c34c?s=96&d=mm&r=g","caption":"gestoria24"},"url":"https:\/\/ramonsantafe.es\/en\/author\/gestoria24\/"}]}},"_links":{"self":[{"href":"https:\/\/ramonsantafe.es\/en\/wp-json\/wp\/v2\/posts\/1876"}],"collection":[{"href":"https:\/\/ramonsantafe.es\/en\/wp-json\/wp\/v2\/posts"}],"about":[{"href":"https:\/\/ramonsantafe.es\/en\/wp-json\/wp\/v2\/types\/post"}],"author":[{"embeddable":true,"href":"https:\/\/ramonsantafe.es\/en\/wp-json\/wp\/v2\/users\/5"}],"replies":[{"embeddable":true,"href":"https:\/\/ramonsantafe.es\/en\/wp-json\/wp\/v2\/comments?post=1876"}],"version-history":[{"count":4,"href":"https:\/\/ramonsantafe.es\/en\/wp-json\/wp\/v2\/posts\/1876\/revisions"}],"predecessor-version":[{"id":2315,"href":"https:\/\/ramonsantafe.es\/en\/wp-json\/wp\/v2\/posts\/1876\/revisions\/2315"}],"wp:featuredmedia":[{"embeddable":true,"href":"https:\/\/ramonsantafe.es\/en\/wp-json\/wp\/v2\/media\/1784"}],"wp:attachment":[{"href":"https:\/\/ramonsantafe.es\/en\/wp-json\/wp\/v2\/media?parent=1876"}],"wp:term":[{"taxonomy":"category","embeddable":true,"href":"https:\/\/ramonsantafe.es\/en\/wp-json\/wp\/v2\/categories?post=1876"},{"taxonomy":"post_tag","embeddable":true,"href":"https:\/\/ramonsantafe.es\/en\/wp-json\/wp\/v2\/tags?post=1876"}],"curies":[{"name":"wp","href":"https:\/\/api.w.org\/{rel}","templated":true}]}}